{"id":268,"date":"2022-06-27T17:26:55","date_gmt":"2022-06-27T15:26:55","guid":{"rendered":"https:\/\/neuropediatoolbox.wordpress.com\/?p=268"},"modified":"2022-09-26T10:51:41","modified_gmt":"2022-09-26T10:51:41","slug":"atencion-temprana","status":"publish","type":"post","link":"https:\/\/neuropediatoolkit.org\/en\/atencion-temprana\/","title":{"rendered":"Early Care"},"content":{"rendered":"<p>Tienen indicaci\u00f3n de atenci\u00f3n temprana aquellos ni\u00f1os con trastornos del neurodesarrollo, o riesgo de padecerlos, entre los 0 y los 6 a\u00f1os, excepto aquellos ni\u00f1os que a partir de los 3 a\u00f1os ya dispongan de recursos p\u00fablicos de alg\u00fan tipo (escuela, becas MEC, etc). Las indicaciones y los formularios est\u00e1n disponibles en la <a href=\"https:\/\/inclusio.gva.es\/es\/web\/diversidadfuncional\/centro-de-atencion-temprana2df\">p\u00e1gina web de GVA<\/a>.<\/p>\n\n\n\n<figure class=\"wp-block-image size-large\"><img fetchpriority=\"high\" decoding=\"async\" width=\"822\" height=\"549\" src=\"http:\/\/neuropediaclinic.com\/wp-content\/uploads\/2022\/06\/imagen-44.png?w=822\" alt=\"\" class=\"wp-image-422\" srcset=\"https:\/\/neuropediatoolkit.org\/wp-content\/uploads\/2022\/06\/imagen-44.png 822w, https:\/\/neuropediatoolkit.org\/wp-content\/uploads\/2022\/06\/imagen-44-300x200.png 300w, https:\/\/neuropediatoolkit.org\/wp-content\/uploads\/2022\/06\/imagen-44-768x513.png 768w, https:\/\/neuropediatoolkit.org\/wp-content\/uploads\/2022\/06\/imagen-44-18x12.png 18w\" sizes=\"(max-width: 822px) 100vw, 822px\" \/><figcaption>Apoyos y ayudas disponibles para la intervenci\u00f3n con ni\u00f1os con necesidades de desarrollo. <\/figcaption><\/figure>\n\n\n\n<p>Para cuantificar el riesgo de trastorno del neurodesarrollo, existen unas recomendaciones bien definidas publicadas en Pediatr\u00eda Integral y en el Grupo de Seguimiento de la Sociedad Espa\u00f1ola de Neonatolog\u00eda. <\/p>\n\n\n\n<figure class=\"wp-block-image size-large\"><img decoding=\"async\" width=\"1107\" height=\"901\" src=\"http:\/\/neuropediaclinic.com\/wp-content\/uploads\/2022\/07\/image-1.png?w=1024\" alt=\"\" class=\"wp-image-939\" srcset=\"https:\/\/neuropediatoolkit.org\/wp-content\/uploads\/2022\/07\/image-1.png 1107w, https:\/\/neuropediatoolkit.org\/wp-content\/uploads\/2022\/07\/image-1-300x244.png 300w, https:\/\/neuropediatoolkit.org\/wp-content\/uploads\/2022\/07\/image-1-768x625.png 768w, https:\/\/neuropediatoolkit.org\/wp-content\/uploads\/2022\/07\/image-1-1024x833.png 1024w, https:\/\/neuropediatoolkit.org\/wp-content\/uploads\/2022\/07\/image-1-15x12.png 15w\" sizes=\"(max-width: 1107px) 100vw, 1107px\" \/><figcaption>Crierios de derivaci\u00f3n a atenci\u00f3n temprana y prioridades.<\/figcaption><\/figure>\n\n\n\n<figure class=\"wp-block-embed is-type-wp-embed is-provider-pediatria-integral wp-block-embed-pediatria-integral\"><div class=\"wp-block-embed__wrapper\">\n<blockquote class=\"wp-embedded-content\" data-secret=\"TV0nMgAoR5\"><a href=\"https:\/\/www.pediatriaintegral.es\/publicacion-2019-05\/evaluacion-y-seguimiento-del-recien-nacido-prematuro-menor-de-1-500-gramos-y-o-menor-de-32-semanas-de-gestacion\/\">Evaluaci\u00f3n y seguimiento del reci\u00e9n nacido prematuro menor de 1.500 gramos y\/o menor de 32 semanas de gestaci\u00f3n<\/a><\/blockquote><iframe class=\"wp-embedded-content\" sandbox=\"allow-scripts\" security=\"restricted\" style=\"position: absolute; clip: rect(1px, 1px, 1px, 1px);\" title=\"\u00abEvaluaci\u00f3n y seguimiento del reci\u00e9n nacido prematuro menor de 1.500 gramos y\/o menor de 32 semanas de gestaci\u00f3n\u00bb \u2014 Pediatr\u00eda integral\" src=\"https:\/\/www.pediatriaintegral.es\/publicacion-2019-05\/evaluacion-y-seguimiento-del-recien-nacido-prematuro-menor-de-1-500-gramos-y-o-menor-de-32-semanas-de-gestacion\/embed\/#?secret=bFLDaLSbEY#?secret=TV0nMgAoR5\" data-secret=\"TV0nMgAoR5\" width=\"600\" height=\"338\" frameborder=\"0\" marginwidth=\"0\" marginheight=\"0\" scrolling=\"no\"><\/iframe>\n<\/div><\/figure>","protected":false},"excerpt":{"rendered":"<p>Tienen indicaci\u00f3n de atenci\u00f3n temprana aquellos ni\u00f1os con trastornos del neurodesarrollo, o riesgo de padecerlos, entre los 0 y los 6 a\u00f1os, excepto aquellos ni\u00f1os que a partir de los 3 a\u00f1os ya dispongan de recursos p\u00fablicos de alg\u00fan tipo (escuela, becas MEC, etc). Las indicaciones y los formularios est\u00e1n disponibles en la p\u00e1gina web &hellip; <\/p>\n<p class=\"link-more\"><a href=\"https:\/\/neuropediatoolkit.org\/en\/atencion-temprana\/\" class=\"more-link\">Continue reading<span class=\"screen-reader-text\"> \u00abAtenci\u00f3n Temprana\u00bb<\/span><\/a><\/p>","protected":false},"author":1,"featured_media":2550,"comment_status":"open","ping_status":"open","sticky":false,"template":"","format":"standard","meta":{"_themeisle_gutenberg_block_has_review":false,"footnotes":""},"categories":[19],"tags":[],"class_list":["post-268","post","type-post","status-publish","format-standard","has-post-thumbnail","hentry","category-atencion-temprana","entry"],"_links":{"self":[{"href":"https:\/\/neuropediatoolkit.org\/en\/wp-json\/wp\/v2\/posts\/268","targetHints":{"allow":["GET"]}}],"collection":[{"href":"https:\/\/neuropediatoolkit.org\/en\/wp-json\/wp\/v2\/posts"}],"about":[{"href":"https:\/\/neuropediatoolkit.org\/en\/wp-json\/wp\/v2\/types\/post"}],"author":[{"embeddable":true,"href":"https:\/\/neuropediatoolkit.org\/en\/wp-json\/wp\/v2\/users\/1"}],"replies":[{"embeddable":true,"href":"https:\/\/neuropediatoolkit.org\/en\/wp-json\/wp\/v2\/comments?post=268"}],"version-history":[{"count":0,"href":"https:\/\/neuropediatoolkit.org\/en\/wp-json\/wp\/v2\/posts\/268\/revisions"}],"wp:featuredmedia":[{"embeddable":true,"href":"https:\/\/neuropediatoolkit.org\/en\/wp-json\/wp\/v2\/media\/2550"}],"wp:attachment":[{"href":"https:\/\/neuropediatoolkit.org\/en\/wp-json\/wp\/v2\/media?parent=268"}],"wp:term":[{"taxonomy":"category","embeddable":true,"href":"https:\/\/neuropediatoolkit.org\/en\/wp-json\/wp\/v2\/categories?post=268"},{"taxonomy":"post_tag","embeddable":true,"href":"https:\/\/neuropediatoolkit.org\/en\/wp-json\/wp\/v2\/tags?post=268"}],"curies":[{"name":"wp","href":"https:\/\/api.w.org\/{rel}","templated":true}]}}