{"id":3107,"date":"2022-10-15T15:28:29","date_gmt":"2022-10-15T15:28:29","guid":{"rendered":"https:\/\/neuropediatoolbox.org\/?p=3107"},"modified":"2022-10-26T10:33:34","modified_gmt":"2022-10-26T10:33:34","slug":"sindrome-de-dyke-davidoff-masson","status":"publish","type":"post","link":"https:\/\/neuropediatoolkit.org\/en\/sindrome-de-dyke-davidoff-masson\/","title":{"rendered":"S\u00edndrome de Dyke-Davidoff-Masson."},"content":{"rendered":"<p>El <a href=\"https:\/\/radiopaedia.org\/articles\/dyke-davidoff-masson-syndrome\">s\u00edndrome de Dyke-Davidoff-Masson<\/a> es un s\u00edndrome espec\u00edficamente pedi\u00e1trico caracterizdao por atrofia o hipoplasia hemicerebral secundaria a un insulto cerebral habitualmente en la \u00e9poca fetal o de la infancia temprana, motivo por el que se acompa\u00f1a de un trastorno del crecimiento craneal asociado, caracterizado por hipertrofia \u00f3sea ipsilateral compensatoria y hiperneumatizaci\u00f3n de los senos nasales y frontales, y las consecuencias neurol\u00f3gicas del insulto, en forma de hemiparesia contralateral y\/o crisis epil\u00e9pticas. <\/p>\n\n\n\n<p>Plantea el diagn\u00f3stico diferencial con otras causas de asimetr\u00eda hemisf\u00e9rica, como la encefalitis de Rasmussen o la hemimegalencefalia (no existe hipertrofia \u00f3sea ipsilateral compensatoria)<\/p>\n\n\n<div class=\"wp-block-image\">\n<figure class=\"aligncenter size-full is-resized\"><img fetchpriority=\"high\" decoding=\"async\" src=\"http:\/\/neuropediaclinic.com\/wp-content\/uploads\/2022\/10\/image-40.png\" alt=\"\" class=\"wp-image-3190\" width=\"621\" height=\"580\" srcset=\"https:\/\/neuropediatoolkit.org\/wp-content\/uploads\/2022\/10\/image-40.png 803w, https:\/\/neuropediatoolkit.org\/wp-content\/uploads\/2022\/10\/image-40-300x280.png 300w, https:\/\/neuropediatoolkit.org\/wp-content\/uploads\/2022\/10\/image-40-768x717.png 768w, https:\/\/neuropediatoolkit.org\/wp-content\/uploads\/2022\/10\/image-40-13x12.png 13w\" sizes=\"(max-width: 621px) 100vw, 621px\" \/><figcaption>Hemimegalencefalia. <\/figcaption><\/figure>\n<\/div>\n\n<div class=\"wp-block-image\">\n<figure class=\"aligncenter size-full\"><img decoding=\"async\" width=\"630\" height=\"630\" src=\"http:\/\/neuropediaclinic.com\/wp-content\/uploads\/2022\/10\/image-41.png\" alt=\"\" class=\"wp-image-3192\" srcset=\"https:\/\/neuropediatoolkit.org\/wp-content\/uploads\/2022\/10\/image-41.png 630w, https:\/\/neuropediatoolkit.org\/wp-content\/uploads\/2022\/10\/image-41-150x150.png 150w, https:\/\/neuropediatoolkit.org\/wp-content\/uploads\/2022\/10\/image-41-300x300.png 300w, https:\/\/neuropediatoolkit.org\/wp-content\/uploads\/2022\/10\/image-41-12x12.png 12w\" sizes=\"(max-width: 630px) 100vw, 630px\" \/><figcaption>Encefalitis de Rasmussen.<\/figcaption><\/figure>\n<\/div>\n\n<div class=\"wp-block-image\">\n<figure class=\"aligncenter size-full is-resized\"><img decoding=\"async\" src=\"http:\/\/neuropediaclinic.com\/wp-content\/uploads\/2022\/10\/image-42.png\" alt=\"\" class=\"wp-image-3193\" width=\"628\" height=\"744\" srcset=\"https:\/\/neuropediatoolkit.org\/wp-content\/uploads\/2022\/10\/image-42.png 532w, https:\/\/neuropediatoolkit.org\/wp-content\/uploads\/2022\/10\/image-42-253x300.png 253w, https:\/\/neuropediatoolkit.org\/wp-content\/uploads\/2022\/10\/image-42-10x12.png 10w\" sizes=\"(max-width: 628px) 100vw, 628px\" \/><figcaption>Dyke-Davidoff-Masson syndrome. <\/figcaption><\/figure>\n<\/div>","protected":false},"excerpt":{"rendered":"<p>El s\u00edndrome de Dyke-Davidoff-Masson es un s\u00edndrome espec\u00edficamente pedi\u00e1trico caracterizdao por atrofia o hipoplasia hemicerebral secundaria a un insulto cerebral habitualmente en la \u00e9poca fetal o de la infancia temprana, motivo por el que se acompa\u00f1a de un trastorno del crecimiento craneal asociado, caracterizado por hipertrofia \u00f3sea ipsilateral compensatoria y hiperneumatizaci\u00f3n de los senos nasales &hellip; <\/p>\n<p class=\"link-more\"><a href=\"https:\/\/neuropediatoolkit.org\/en\/sindrome-de-dyke-davidoff-masson\/\" class=\"more-link\">Continue reading<span class=\"screen-reader-text\"> \u00abS\u00edndrome de Dyke-Davidoff-Masson.\u00bb<\/span><\/a><\/p>","protected":false},"author":1,"featured_media":3193,"comment_status":"closed","ping_status":"closed","sticky":false,"template":"","format":"standard","meta":{"_themeisle_gutenberg_block_has_review":false,"footnotes":""},"categories":[3,48],"tags":[],"class_list":["post-3107","post","type-post","status-publish","format-standard","has-post-thumbnail","hentry","category-enfermedades-neurologicas","category-especificamente-pediatricos","entry"],"_links":{"self":[{"href":"https:\/\/neuropediatoolkit.org\/en\/wp-json\/wp\/v2\/posts\/3107","targetHints":{"allow":["GET"]}}],"collection":[{"href":"https:\/\/neuropediatoolkit.org\/en\/wp-json\/wp\/v2\/posts"}],"about":[{"href":"https:\/\/neuropediatoolkit.org\/en\/wp-json\/wp\/v2\/types\/post"}],"author":[{"embeddable":true,"href":"https:\/\/neuropediatoolkit.org\/en\/wp-json\/wp\/v2\/users\/1"}],"replies":[{"embeddable":true,"href":"https:\/\/neuropediatoolkit.org\/en\/wp-json\/wp\/v2\/comments?post=3107"}],"version-history":[{"count":0,"href":"https:\/\/neuropediatoolkit.org\/en\/wp-json\/wp\/v2\/posts\/3107\/revisions"}],"wp:featuredmedia":[{"embeddable":true,"href":"https:\/\/neuropediatoolkit.org\/en\/wp-json\/wp\/v2\/media\/3193"}],"wp:attachment":[{"href":"https:\/\/neuropediatoolkit.org\/en\/wp-json\/wp\/v2\/media?parent=3107"}],"wp:term":[{"taxonomy":"category","embeddable":true,"href":"https:\/\/neuropediatoolkit.org\/en\/wp-json\/wp\/v2\/categories?post=3107"},{"taxonomy":"post_tag","embeddable":true,"href":"https:\/\/neuropediatoolkit.org\/en\/wp-json\/wp\/v2\/tags?post=3107"}],"curies":[{"name":"wp","href":"https:\/\/api.w.org\/{rel}","templated":true}]}}