{"id":4699,"date":"2023-02-22T09:27:43","date_gmt":"2023-02-22T09:27:43","guid":{"rendered":"https:\/\/neuropediatoolbox.org\/?p=4699"},"modified":"2023-02-22T14:25:35","modified_gmt":"2023-02-22T14:25:35","slug":"preferencia-braquial-antes-de-los-2-anos-de-edad","status":"publish","type":"post","link":"https:\/\/neuropediatoolkit.org\/en\/preferencia-braquial-antes-de-los-2-anos-de-edad\/","title":{"rendered":"Preferencia braquial antes de los 2 a\u00f1os de edad."},"content":{"rendered":"<p>El desarrollo de la <a href=\"https:\/\/es.wikipedia.org\/wiki\/Lateralidad\">lateralidad <\/a>es una de las curiosidades de la neurolog\u00eda pedi\u00e1trica que se producen durante el neurodesarrollo, y es consecuencia directa de la anatom\u00eda humana (la existencia de un cerebro dividido en 2 hemisferios cerebrales) y del proceso de especializaci\u00f3n progresiva que tiene lugar durante el aprendizaje, en el cual determinadas \u00e1reas cerebrales se hacen cargo de determinados procesos para mejorar la <strong>eficiencia <\/strong>a costa de una p\u00e9rdida de <strong>pluripotencialidad<\/strong>. <\/p>\n\n\n\n<p>Existe lateralidad de varios sistemas neurol\u00f3gicos: <\/p>\n\n\n\n<ul class=\"wp-block-list\">\n<li>Mano. <\/li>\n\n\n\n<li>Pi\u00e9. <\/li>\n\n\n\n<li>Ojo. <\/li>\n\n\n\n<li>Lenguaje.<\/li>\n\n\n\n<li>Memoria. <\/li>\n<\/ul>\n\n\n\n<p>En la mayor parte de las personas existe una <strong>dominancia congruente<\/strong>, aunque no siempre es as\u00ed, y hay personas que pueden ser diestras de mano y zurdas de pi\u00e9, o zurdas de ojo y diestras de pi\u00e9. <\/p>\n\n\n\n<p>En t\u00e9rminos generales, los zurdos suelen tener menor lateralizaci\u00f3n de la funci\u00f3n del lenguaje y la memoria, y como consecuencia, cuando tienen una lesi\u00f3n unilateral en el hemisferio dominante, suelen tener menor afectaci\u00f3n del lenguaje y mayor capacidad compensatoria. <\/p>\n\n\n\n<p>La lateralidad se establece en el ser humano entre los 2 y los 4 a\u00f1os,  por lo que es un <strong>signo patol\u00f3gico que un menor de 2 a\u00f1os utilice preferentemente un brazo para manipular los objetos<\/strong>. Se trata de un signo de <a href=\"https:\/\/www.hemiweb.org\/\" data-type=\"URL\" data-id=\"https:\/\/www.hemiweb.org\/\">hemiparesia cong\u00e9nita<\/a> que puede requerir la realizaci\u00f3n de exploraciones complementarias para su estudio.<\/p>\n\n\n\n<figure class=\"wp-block-embed is-type-video is-provider-youtube wp-block-embed-youtube wp-embed-aspect-16-9 wp-has-aspect-ratio\"><div class=\"wp-block-embed__wrapper\">\n<iframe title=\"TRAILER DVD MY MOVES\" width=\"640\" height=\"360\" src=\"https:\/\/www.youtube.com\/embed\/s1PK5gNQqnw?feature=oembed\" frameborder=\"0\" allow=\"accelerometer; autoplay; clipboard-write; encrypted-media; gyroscope; picture-in-picture; web-share\" referrerpolicy=\"strict-origin-when-cross-origin\" allowfullscreen><\/iframe>\n<\/div><\/figure>","protected":false},"excerpt":{"rendered":"<p>El desarrollo de la lateralidad es una de las curiosidades de la neurolog\u00eda pedi\u00e1trica que se producen durante el neurodesarrollo, y es consecuencia directa de la anatom\u00eda humana (la existencia de un cerebro dividido en 2 hemisferios cerebrales) y del proceso de especializaci\u00f3n progresiva que tiene lugar durante el aprendizaje, en el cual determinadas \u00e1reas &hellip; <\/p>\n<p class=\"link-more\"><a href=\"https:\/\/neuropediatoolkit.org\/en\/preferencia-braquial-antes-de-los-2-anos-de-edad\/\" class=\"more-link\">Continue reading<span class=\"screen-reader-text\"> \u00abPreferencia braquial antes de los 2 a\u00f1os de edad.\u00bb<\/span><\/a><\/p>","protected":false},"author":1,"featured_media":4700,"comment_status":"closed","ping_status":"closed","sticky":false,"template":"","format":"standard","meta":{"_themeisle_gutenberg_block_has_review":false,"footnotes":""},"categories":[48,23,9,47],"tags":[],"class_list":["post-4699","post","type-post","status-publish","format-standard","has-post-thumbnail","hentry","category-especificamente-pediatricos","category-exploracion-neurologica","category-neurodesarrollo","category-t-movimiento","entry"],"_links":{"self":[{"href":"https:\/\/neuropediatoolkit.org\/en\/wp-json\/wp\/v2\/posts\/4699","targetHints":{"allow":["GET"]}}],"collection":[{"href":"https:\/\/neuropediatoolkit.org\/en\/wp-json\/wp\/v2\/posts"}],"about":[{"href":"https:\/\/neuropediatoolkit.org\/en\/wp-json\/wp\/v2\/types\/post"}],"author":[{"embeddable":true,"href":"https:\/\/neuropediatoolkit.org\/en\/wp-json\/wp\/v2\/users\/1"}],"replies":[{"embeddable":true,"href":"https:\/\/neuropediatoolkit.org\/en\/wp-json\/wp\/v2\/comments?post=4699"}],"version-history":[{"count":0,"href":"https:\/\/neuropediatoolkit.org\/en\/wp-json\/wp\/v2\/posts\/4699\/revisions"}],"wp:featuredmedia":[{"embeddable":true,"href":"https:\/\/neuropediatoolkit.org\/en\/wp-json\/wp\/v2\/media\/4700"}],"wp:attachment":[{"href":"https:\/\/neuropediatoolkit.org\/en\/wp-json\/wp\/v2\/media?parent=4699"}],"wp:term":[{"taxonomy":"category","embeddable":true,"href":"https:\/\/neuropediatoolkit.org\/en\/wp-json\/wp\/v2\/categories?post=4699"},{"taxonomy":"post_tag","embeddable":true,"href":"https:\/\/neuropediatoolkit.org\/en\/wp-json\/wp\/v2\/tags?post=4699"}],"curies":[{"name":"wp","href":"https:\/\/api.w.org\/{rel}","templated":true}]}}