{"id":619,"date":"2022-07-18T13:21:07","date_gmt":"2022-07-18T11:21:07","guid":{"rendered":"https:\/\/neuropediatoolbox.wordpress.com\/2022\/07\/18\/sindrome-alcoholico-fetal\/"},"modified":"2022-10-26T10:49:34","modified_gmt":"2022-10-26T10:49:34","slug":"sindrome-alcoholico-fetal","status":"publish","type":"post","link":"https:\/\/neuropediatoolkit.org\/en\/sindrome-alcoholico-fetal\/","title":{"rendered":"Sindrome alcoholico fetal"},"content":{"rendered":"<p>La <a href=\"https:\/\/depts.washington.edu\/fasdpn\/htmls\/fasd-fas.htm\">red de diagn\u00f3stico y prevenci\u00f3n del s\u00edndrome alcoh\u00f3lico fetal<\/a> de la Universidad de Washington ha elaborado varias herramientas para facilitar el diagn\u00f3stico cl\u00ednico. <\/p>\n\n\n\n<p>Es necesario tener en cuenta este diagn\u00f3stico en ni\u00f1os con trastornos del neurodesarrollo con antecedentes perinatales de exposici\u00f3n al alcohol, o que provengan de pa\u00edses en los que existe una prevalencia de consumo muy elevada (ver mapa de la OMS). <\/p>\n\n\n\n<figure class=\"wp-block-image size-large\"><img fetchpriority=\"high\" decoding=\"async\" width=\"1024\" height=\"686\" src=\"http:\/\/neuropediaclinic.com\/wp-content\/uploads\/2022\/07\/global_consumption_percapita_2010-1024x686.png\" alt=\"\" class=\"wp-image-893\" srcset=\"https:\/\/neuropediatoolkit.org\/wp-content\/uploads\/2022\/07\/global_consumption_percapita_2010-1024x686.png 1024w, https:\/\/neuropediatoolkit.org\/wp-content\/uploads\/2022\/07\/global_consumption_percapita_2010-300x201.png 300w, https:\/\/neuropediatoolkit.org\/wp-content\/uploads\/2022\/07\/global_consumption_percapita_2010-768x515.png 768w, https:\/\/neuropediatoolkit.org\/wp-content\/uploads\/2022\/07\/global_consumption_percapita_2010-1536x1029.png 1536w, https:\/\/neuropediatoolkit.org\/wp-content\/uploads\/2022\/07\/global_consumption_percapita_2010-18x12.png 18w, https:\/\/neuropediatoolkit.org\/wp-content\/uploads\/2022\/07\/global_consumption_percapita_2010-1568x1050.png 1568w, https:\/\/neuropediatoolkit.org\/wp-content\/uploads\/2022\/07\/global_consumption_percapita_2010.png 2027w\" sizes=\"(max-width: 1024px) 100vw, 1024px\" \/><figcaption>Consumo de alcohol per capita seg\u00fan la OMS (2010).<\/figcaption><\/figure>\n\n\n\n<figure class=\"wp-block-image size-large\"><img decoding=\"async\" width=\"576\" height=\"202\" src=\"http:\/\/neuropediaclinic.com\/wp-content\/uploads\/2022\/07\/grid2web.jpg?w=576\" alt=\"\" class=\"wp-image-896\" srcset=\"https:\/\/neuropediatoolkit.org\/wp-content\/uploads\/2022\/07\/grid2web.jpg 576w, https:\/\/neuropediatoolkit.org\/wp-content\/uploads\/2022\/07\/grid2web-300x105.jpg 300w, https:\/\/neuropediatoolkit.org\/wp-content\/uploads\/2022\/07\/grid2web-18x6.jpg 18w\" sizes=\"(max-width: 576px) 100vw, 576px\" \/><figcaption>Criterios diagn\u00f3sticos para los trastornos del neurodesarrollo del espectro del s\u00edndrome alcoh\u00f3lico fetal. <\/figcaption><\/figure>\n\n\n\n<figure class=\"wp-block-image size-large\"><img decoding=\"async\" width=\"357\" height=\"645\" src=\"http:\/\/neuropediaclinic.com\/wp-content\/uploads\/2022\/07\/lip-philtrum-guide-c-2013-susan-astley-phd-university-of-washington.jpeg?w=357\" alt=\"\" class=\"wp-image-897\" srcset=\"https:\/\/neuropediatoolkit.org\/wp-content\/uploads\/2022\/07\/lip-philtrum-guide-c-2013-susan-astley-phd-university-of-washington.jpeg 357w, https:\/\/neuropediatoolkit.org\/wp-content\/uploads\/2022\/07\/lip-philtrum-guide-c-2013-susan-astley-phd-university-of-washington-166x300.jpeg 166w, https:\/\/neuropediatoolkit.org\/wp-content\/uploads\/2022\/07\/lip-philtrum-guide-c-2013-susan-astley-phd-university-of-washington-7x12.jpeg 7w\" sizes=\"(max-width: 357px) 100vw, 357px\" \/><figcaption>Gu\u00eda de aplanamiento del filtrum para la cuantificaci\u00f3n de los signos dism\u00f3rficos asociados al SAF. <\/figcaption><\/figure>","protected":false},"excerpt":{"rendered":"<p>La red de diagn\u00f3stico y prevenci\u00f3n del s\u00edndrome alcoh\u00f3lico fetal de la Universidad de Washington ha elaborado varias herramientas para facilitar el diagn\u00f3stico cl\u00ednico. Es necesario tener en cuenta este diagn\u00f3stico en ni\u00f1os con trastornos del neurodesarrollo con antecedentes perinatales de exposici\u00f3n al alcohol, o que provengan de pa\u00edses en los que existe una prevalencia &hellip; <\/p>\n<p class=\"link-more\"><a href=\"https:\/\/neuropediatoolkit.org\/en\/sindrome-alcoholico-fetal\/\" class=\"more-link\">Continue reading<span class=\"screen-reader-text\"> \u00abSindrome alcoholico fetal\u00bb<\/span><\/a><\/p>","protected":false},"author":1,"featured_media":893,"comment_status":"open","ping_status":"open","sticky":false,"template":"","format":"standard","meta":{"_themeisle_gutenberg_block_has_review":false,"footnotes":""},"categories":[3,52],"tags":[],"class_list":["post-619","post","type-post","status-publish","format-standard","has-post-thumbnail","hentry","category-enfermedades-neurologicas","category-enfermedades-neuropediatricas-clasicas","entry"],"_links":{"self":[{"href":"https:\/\/neuropediatoolkit.org\/en\/wp-json\/wp\/v2\/posts\/619","targetHints":{"allow":["GET"]}}],"collection":[{"href":"https:\/\/neuropediatoolkit.org\/en\/wp-json\/wp\/v2\/posts"}],"about":[{"href":"https:\/\/neuropediatoolkit.org\/en\/wp-json\/wp\/v2\/types\/post"}],"author":[{"embeddable":true,"href":"https:\/\/neuropediatoolkit.org\/en\/wp-json\/wp\/v2\/users\/1"}],"replies":[{"embeddable":true,"href":"https:\/\/neuropediatoolkit.org\/en\/wp-json\/wp\/v2\/comments?post=619"}],"version-history":[{"count":0,"href":"https:\/\/neuropediatoolkit.org\/en\/wp-json\/wp\/v2\/posts\/619\/revisions"}],"wp:featuredmedia":[{"embeddable":true,"href":"https:\/\/neuropediatoolkit.org\/en\/wp-json\/wp\/v2\/media\/893"}],"wp:attachment":[{"href":"https:\/\/neuropediatoolkit.org\/en\/wp-json\/wp\/v2\/media?parent=619"}],"wp:term":[{"taxonomy":"category","embeddable":true,"href":"https:\/\/neuropediatoolkit.org\/en\/wp-json\/wp\/v2\/categories?post=619"},{"taxonomy":"post_tag","embeddable":true,"href":"https:\/\/neuropediatoolkit.org\/en\/wp-json\/wp\/v2\/tags?post=619"}],"curies":[{"name":"wp","href":"https:\/\/api.w.org\/{rel}","templated":true}]}}